{"id":10302,"date":"2026-09-04T15:56:29","date_gmt":"2026-09-04T15:56:29","guid":{"rendered":"https:\/\/weisshorn-am.com\/?p=10302"},"modified":"2026-09-04T15:56:48","modified_gmt":"2026-09-04T15:56:48","slug":"changement-de-cio-chez-weisshorn","status":"publish","type":"post","link":"https:\/\/weisshorn-am.com\/fr\/changement-de-cio-chez-weisshorn\/","title":{"rendered":"Changement de CIO\u00a0chez Weisshorn"},"content":{"rendered":"\t\t<div data-elementor-type=\"wp-post\" data-elementor-id=\"10302\" class=\"elementor elementor-10302\" data-elementor-post-type=\"post\">\n\t\t\t\t<div class=\"elementor-element elementor-element-342fe788 e-flex e-con-boxed e-con e-parent\" data-id=\"342fe788\" data-element_type=\"container\" data-e-type=\"container\">\n\t\t\t\t\t<div class=\"e-con-inner\">\n\t\t\t\t<div class=\"elementor-element elementor-element-447161d3 elementor-widget elementor-widget-text-editor\" data-id=\"447161d3\" data-element_type=\"widget\" data-e-type=\"widget\" data-widget_type=\"text-editor.default\">\n\t\t\t\t<div class=\"elementor-widget-container\">\n\t\t\t\t\t\t\t\t\t<p>Apr\u00e8s plus de 10 ans en tant que responsable des investissements, Alexandre Gulino, membre fondateur et actionnaire de Weisshorn, a d\u00e9cid\u00e9 de donner une nouvelle impulsion \u00e0 sa vie professionnelle. D\u00e8s le 1<sup>er<\/sup> septembre, il sera responsable d\u2019une soci\u00e9t\u00e9 qui est notre partenaire privil\u00e9gi\u00e9 depuis des ann\u00e9es et dans laquelle il accompagnera ses clients sur les investissements priv\u00e9s ainsi que sur leurs divers projets entrepreneuriaux. Il conservera un r\u00f4le de conseiller externe chez Weisshorn pour la partie investissements ainsi que son r\u00f4le d\u2019administrateur ind\u00e9pendant au sein de notre ombrelle Weisshorn UCITS Fund au Luxembourg. \u00a0Alexandre continuera d\u2019accompagner la soci\u00e9t\u00e9 dans son d\u00e9veloppement de clients priv\u00e9s et son offre de service. Merci Alex pour ton appui constant pour amener la soci\u00e9t\u00e9 l\u00e0 o\u00f9 elle est aujourd\u2019hui et plein succ\u00e8s dans tes nouvelles fonctions et notre partenariat privil\u00e9gi\u00e9.<\/p><p>Mickael a accept\u00e9 de reprendre le poste de CIO au 1<sup>er<\/sup> septembre. Il a construit sa vie professionnelle en Suisse, principalement dans le secteur bancaire et institutionnel, ayant touch\u00e9 autant \u00e0 l\u2019asset management que au wealth management. Fort de ces exp\u00e9riences il sera \u00e0 m\u00eame de poursuivre sa mission au sein de Weisshorn afin de continuer \u00e0 d\u00e9livrer de bonnes performances et \u00e0 atteindre la satisfaction des clients. Il est \u00e9galement au b\u00e9n\u00e9fice d\u2019un CFA. \u00a0Plein succ\u00e8s \u00e0 lui.<\/p>\t\t\t\t\t\t\t\t<\/div>\n\t\t\t\t<\/div>\n\t\t\t\t\t<\/div>\n\t\t\t\t<\/div>\n\t\t\t\t<\/div>\n\t\t","protected":false},"excerpt":{"rendered":"<p>Apr\u00e8s plus de 10 ans en tant que responsable des investissements, Alexandre Gulino, membre fondateur et actionnaire de Weisshorn, a d\u00e9cid\u00e9 de donner une nouvelle impulsion \u00e0 sa vie professionnelle. D\u00e8s le 1er septembre, il sera responsable d\u2019une soci\u00e9t\u00e9 qui est notre partenaire privil\u00e9gi\u00e9 depuis des ann\u00e9es et dans laquelle il accompagnera ses clients sur [&hellip;]<\/p>\n","protected":false},"author":3,"featured_media":0,"comment_status":"closed","ping_status":"closed","sticky":false,"template":"","format":"standard","meta":{"_acf_changed":false,"footnotes":""},"categories":[1],"tags":[],"class_list":["post-10302","post","type-post","status-publish","format-standard","hentry","category-non-classifiee"],"acf":[],"yoast_head":"<!-- This site is optimized with the Yoast SEO plugin v28.2 - https:\/\/yoast.com\/product\/yoast-seo-wordpress\/ -->\n<title>Changement de CIO\u00a0chez Weisshorn - Weisshorn Asset Management<\/title>\n<meta name=\"robots\" content=\"index, follow, max-snippet:-1, max-image-preview:large, max-video-preview:-1\" \/>\n<link rel=\"canonical\" href=\"https:\/\/weisshorn-am.com\/fr\/changement-de-cio-chez-weisshorn\/\" \/>\n<meta property=\"og:locale\" content=\"fr_FR\" \/>\n<meta property=\"og:type\" content=\"article\" \/>\n<meta property=\"og:title\" content=\"Changement de CIO\u00a0chez Weisshorn - Weisshorn Asset Management\" \/>\n<meta property=\"og:description\" content=\"Apr\u00e8s plus de 10 ans en tant que responsable des investissements, Alexandre Gulino, membre fondateur et actionnaire de Weisshorn, a d\u00e9cid\u00e9 de donner une nouvelle impulsion \u00e0 sa vie professionnelle. D\u00e8s le 1er septembre, il sera responsable d\u2019une soci\u00e9t\u00e9 qui est notre partenaire privil\u00e9gi\u00e9 depuis des ann\u00e9es et dans laquelle il accompagnera ses clients sur [&hellip;]\" \/>\n<meta property=\"og:url\" content=\"https:\/\/weisshorn-am.com\/fr\/changement-de-cio-chez-weisshorn\/\" \/>\n<meta property=\"og:site_name\" content=\"Weisshorn Asset Management\" \/>\n<meta property=\"article:published_time\" content=\"2026-09-04T15:56:29+00:00\" \/>\n<meta property=\"article:modified_time\" content=\"2026-09-04T15:56:48+00:00\" \/>\n<meta name=\"author\" content=\"malexandre\" \/>\n<meta name=\"twitter:card\" content=\"summary_large_image\" \/>\n<meta name=\"twitter:label1\" content=\"\u00c9crit par\" \/>\n\t<meta name=\"twitter:data1\" content=\"malexandre\" \/>\n\t<meta name=\"twitter:label2\" content=\"Dur\u00e9e de lecture estim\u00e9e\" \/>\n\t<meta name=\"twitter:data2\" content=\"2 minutes\" \/>\n<script type=\"application\/ld+json\" class=\"yoast-schema-graph\">{\"@context\":\"https:\\\/\\\/schema.org\",\"@graph\":[{\"@type\":\"Article\",\"@id\":\"https:\\\/\\\/weisshorn-am.com\\\/fr\\\/changement-de-cio-chez-weisshorn\\\/#article\",\"isPartOf\":{\"@id\":\"https:\\\/\\\/weisshorn-am.com\\\/fr\\\/changement-de-cio-chez-weisshorn\\\/\"},\"author\":{\"name\":\"malexandre\",\"@id\":\"https:\\\/\\\/weisshorn-am.com\\\/fr\\\/#\\\/schema\\\/person\\\/e39cd93d103362e968e44d8361f78b41\"},\"headline\":\"Changement de CIO\u00a0chez Weisshorn\",\"datePublished\":\"2026-09-04T15:56:29+00:00\",\"dateModified\":\"2026-09-04T15:56:48+00:00\",\"mainEntityOfPage\":{\"@id\":\"https:\\\/\\\/weisshorn-am.com\\\/fr\\\/changement-de-cio-chez-weisshorn\\\/\"},\"wordCount\":241,\"publisher\":{\"@id\":\"https:\\\/\\\/weisshorn-am.com\\\/fr\\\/#organization\"},\"articleSection\":[\"Non classifi\u00e9(e)\"],\"inLanguage\":\"fr-FR\"},{\"@type\":\"WebPage\",\"@id\":\"https:\\\/\\\/weisshorn-am.com\\\/fr\\\/changement-de-cio-chez-weisshorn\\\/\",\"url\":\"https:\\\/\\\/weisshorn-am.com\\\/fr\\\/changement-de-cio-chez-weisshorn\\\/\",\"name\":\"Changement de CIO\u00a0chez Weisshorn - Weisshorn Asset Management\",\"isPartOf\":{\"@id\":\"https:\\\/\\\/weisshorn-am.com\\\/fr\\\/#website\"},\"datePublished\":\"2026-09-04T15:56:29+00:00\",\"dateModified\":\"2026-09-04T15:56:48+00:00\",\"breadcrumb\":{\"@id\":\"https:\\\/\\\/weisshorn-am.com\\\/fr\\\/changement-de-cio-chez-weisshorn\\\/#breadcrumb\"},\"inLanguage\":\"fr-FR\",\"potentialAction\":[{\"@type\":\"ReadAction\",\"target\":[\"https:\\\/\\\/weisshorn-am.com\\\/fr\\\/changement-de-cio-chez-weisshorn\\\/\"]}]},{\"@type\":\"BreadcrumbList\",\"@id\":\"https:\\\/\\\/weisshorn-am.com\\\/fr\\\/changement-de-cio-chez-weisshorn\\\/#breadcrumb\",\"itemListElement\":[{\"@type\":\"ListItem\",\"position\":1,\"name\":\"Home\",\"item\":\"https:\\\/\\\/weisshorn-am.com\\\/fr\\\/\"},{\"@type\":\"ListItem\",\"position\":2,\"name\":\"Changement de CIO\u00a0chez Weisshorn\"}]},{\"@type\":\"WebSite\",\"@id\":\"https:\\\/\\\/weisshorn-am.com\\\/fr\\\/#website\",\"url\":\"https:\\\/\\\/weisshorn-am.com\\\/fr\\\/\",\"name\":\"Weisshorn Asset Management\",\"description\":\"\",\"publisher\":{\"@id\":\"https:\\\/\\\/weisshorn-am.com\\\/fr\\\/#organization\"},\"potentialAction\":[{\"@type\":\"SearchAction\",\"target\":{\"@type\":\"EntryPoint\",\"urlTemplate\":\"https:\\\/\\\/weisshorn-am.com\\\/fr\\\/?s={search_term_string}\"},\"query-input\":{\"@type\":\"PropertyValueSpecification\",\"valueRequired\":true,\"valueName\":\"search_term_string\"}}],\"inLanguage\":\"fr-FR\"},{\"@type\":\"Organization\",\"@id\":\"https:\\\/\\\/weisshorn-am.com\\\/fr\\\/#organization\",\"name\":\"Weisshorn Asset Management\",\"url\":\"https:\\\/\\\/weisshorn-am.com\\\/fr\\\/\",\"logo\":{\"@type\":\"ImageObject\",\"inLanguage\":\"fr-FR\",\"@id\":\"https:\\\/\\\/weisshorn-am.com\\\/fr\\\/#\\\/schema\\\/logo\\\/image\\\/\",\"url\":\"https:\\\/\\\/weisshorn-am.com\\\/wp-content\\\/uploads\\\/2024\\\/07\\\/logo-weisshorn.png\",\"contentUrl\":\"https:\\\/\\\/weisshorn-am.com\\\/wp-content\\\/uploads\\\/2024\\\/07\\\/logo-weisshorn.png\",\"width\":228,\"height\":55,\"caption\":\"Weisshorn Asset Management\"},\"image\":{\"@id\":\"https:\\\/\\\/weisshorn-am.com\\\/fr\\\/#\\\/schema\\\/logo\\\/image\\\/\"}},{\"@type\":\"Person\",\"@id\":\"https:\\\/\\\/weisshorn-am.com\\\/fr\\\/#\\\/schema\\\/person\\\/e39cd93d103362e968e44d8361f78b41\",\"name\":\"malexandre\",\"image\":{\"@type\":\"ImageObject\",\"inLanguage\":\"fr-FR\",\"@id\":\"https:\\\/\\\/secure.gravatar.com\\\/avatar\\\/d9b407d2aa4510b44b9ea0d54d4dd53096874dc374d06e2e1e7cf456c3a36d52?s=96&d=mm&r=g\",\"url\":\"https:\\\/\\\/secure.gravatar.com\\\/avatar\\\/d9b407d2aa4510b44b9ea0d54d4dd53096874dc374d06e2e1e7cf456c3a36d52?s=96&d=mm&r=g\",\"contentUrl\":\"https:\\\/\\\/secure.gravatar.com\\\/avatar\\\/d9b407d2aa4510b44b9ea0d54d4dd53096874dc374d06e2e1e7cf456c3a36d52?s=96&d=mm&r=g\",\"caption\":\"malexandre\"},\"url\":\"https:\\\/\\\/weisshorn-am.com\\\/fr\\\/author\\\/malexandre\\\/\"}]}<\/script>\n<!-- \/ Yoast SEO plugin. -->","yoast_head_json":{"title":"Changement de CIO\u00a0chez Weisshorn - Weisshorn Asset Management","robots":{"index":"index","follow":"follow","max-snippet":"max-snippet:-1","max-image-preview":"max-image-preview:large","max-video-preview":"max-video-preview:-1"},"canonical":"https:\/\/weisshorn-am.com\/fr\/changement-de-cio-chez-weisshorn\/","og_locale":"fr_FR","og_type":"article","og_title":"Changement de CIO\u00a0chez Weisshorn - Weisshorn Asset Management","og_description":"Apr\u00e8s plus de 10 ans en tant que responsable des investissements, Alexandre Gulino, membre fondateur et actionnaire de Weisshorn, a d\u00e9cid\u00e9 de donner une nouvelle impulsion \u00e0 sa vie professionnelle. D\u00e8s le 1er septembre, il sera responsable d\u2019une soci\u00e9t\u00e9 qui est notre partenaire privil\u00e9gi\u00e9 depuis des ann\u00e9es et dans laquelle il accompagnera ses clients sur [&hellip;]","og_url":"https:\/\/weisshorn-am.com\/fr\/changement-de-cio-chez-weisshorn\/","og_site_name":"Weisshorn Asset Management","article_published_time":"2026-09-04T15:56:29+00:00","article_modified_time":"2026-09-04T15:56:48+00:00","author":"malexandre","twitter_card":"summary_large_image","twitter_misc":{"\u00c9crit par":"malexandre","Dur\u00e9e de lecture estim\u00e9e":"2 minutes"},"schema":{"@context":"https:\/\/schema.org","@graph":[{"@type":"Article","@id":"https:\/\/weisshorn-am.com\/fr\/changement-de-cio-chez-weisshorn\/#article","isPartOf":{"@id":"https:\/\/weisshorn-am.com\/fr\/changement-de-cio-chez-weisshorn\/"},"author":{"name":"malexandre","@id":"https:\/\/weisshorn-am.com\/fr\/#\/schema\/person\/e39cd93d103362e968e44d8361f78b41"},"headline":"Changement de CIO\u00a0chez Weisshorn","datePublished":"2026-09-04T15:56:29+00:00","dateModified":"2026-09-04T15:56:48+00:00","mainEntityOfPage":{"@id":"https:\/\/weisshorn-am.com\/fr\/changement-de-cio-chez-weisshorn\/"},"wordCount":241,"publisher":{"@id":"https:\/\/weisshorn-am.com\/fr\/#organization"},"articleSection":["Non classifi\u00e9(e)"],"inLanguage":"fr-FR"},{"@type":"WebPage","@id":"https:\/\/weisshorn-am.com\/fr\/changement-de-cio-chez-weisshorn\/","url":"https:\/\/weisshorn-am.com\/fr\/changement-de-cio-chez-weisshorn\/","name":"Changement de CIO\u00a0chez Weisshorn - Weisshorn Asset Management","isPartOf":{"@id":"https:\/\/weisshorn-am.com\/fr\/#website"},"datePublished":"2026-09-04T15:56:29+00:00","dateModified":"2026-09-04T15:56:48+00:00","breadcrumb":{"@id":"https:\/\/weisshorn-am.com\/fr\/changement-de-cio-chez-weisshorn\/#breadcrumb"},"inLanguage":"fr-FR","potentialAction":[{"@type":"ReadAction","target":["https:\/\/weisshorn-am.com\/fr\/changement-de-cio-chez-weisshorn\/"]}]},{"@type":"BreadcrumbList","@id":"https:\/\/weisshorn-am.com\/fr\/changement-de-cio-chez-weisshorn\/#breadcrumb","itemListElement":[{"@type":"ListItem","position":1,"name":"Home","item":"https:\/\/weisshorn-am.com\/fr\/"},{"@type":"ListItem","position":2,"name":"Changement de CIO\u00a0chez Weisshorn"}]},{"@type":"WebSite","@id":"https:\/\/weisshorn-am.com\/fr\/#website","url":"https:\/\/weisshorn-am.com\/fr\/","name":"Weisshorn Asset Management","description":"","publisher":{"@id":"https:\/\/weisshorn-am.com\/fr\/#organization"},"potentialAction":[{"@type":"SearchAction","target":{"@type":"EntryPoint","urlTemplate":"https:\/\/weisshorn-am.com\/fr\/?s={search_term_string}"},"query-input":{"@type":"PropertyValueSpecification","valueRequired":true,"valueName":"search_term_string"}}],"inLanguage":"fr-FR"},{"@type":"Organization","@id":"https:\/\/weisshorn-am.com\/fr\/#organization","name":"Weisshorn Asset Management","url":"https:\/\/weisshorn-am.com\/fr\/","logo":{"@type":"ImageObject","inLanguage":"fr-FR","@id":"https:\/\/weisshorn-am.com\/fr\/#\/schema\/logo\/image\/","url":"https:\/\/weisshorn-am.com\/wp-content\/uploads\/2024\/07\/logo-weisshorn.png","contentUrl":"https:\/\/weisshorn-am.com\/wp-content\/uploads\/2024\/07\/logo-weisshorn.png","width":228,"height":55,"caption":"Weisshorn Asset Management"},"image":{"@id":"https:\/\/weisshorn-am.com\/fr\/#\/schema\/logo\/image\/"}},{"@type":"Person","@id":"https:\/\/weisshorn-am.com\/fr\/#\/schema\/person\/e39cd93d103362e968e44d8361f78b41","name":"malexandre","image":{"@type":"ImageObject","inLanguage":"fr-FR","@id":"https:\/\/secure.gravatar.com\/avatar\/d9b407d2aa4510b44b9ea0d54d4dd53096874dc374d06e2e1e7cf456c3a36d52?s=96&d=mm&r=g","url":"https:\/\/secure.gravatar.com\/avatar\/d9b407d2aa4510b44b9ea0d54d4dd53096874dc374d06e2e1e7cf456c3a36d52?s=96&d=mm&r=g","contentUrl":"https:\/\/secure.gravatar.com\/avatar\/d9b407d2aa4510b44b9ea0d54d4dd53096874dc374d06e2e1e7cf456c3a36d52?s=96&d=mm&r=g","caption":"malexandre"},"url":"https:\/\/weisshorn-am.com\/fr\/author\/malexandre\/"}]}},"_links":{"self":[{"href":"https:\/\/weisshorn-am.com\/fr\/wp-json\/wp\/v2\/posts\/10302","targetHints":{"allow":["GET"]}}],"collection":[{"href":"https:\/\/weisshorn-am.com\/fr\/wp-json\/wp\/v2\/posts"}],"about":[{"href":"https:\/\/weisshorn-am.com\/fr\/wp-json\/wp\/v2\/types\/post"}],"author":[{"embeddable":true,"href":"https:\/\/weisshorn-am.com\/fr\/wp-json\/wp\/v2\/users\/3"}],"replies":[{"embeddable":true,"href":"https:\/\/weisshorn-am.com\/fr\/wp-json\/wp\/v2\/comments?post=10302"}],"version-history":[{"count":4,"href":"https:\/\/weisshorn-am.com\/fr\/wp-json\/wp\/v2\/posts\/10302\/revisions"}],"predecessor-version":[{"id":10313,"href":"https:\/\/weisshorn-am.com\/fr\/wp-json\/wp\/v2\/posts\/10302\/revisions\/10313"}],"wp:attachment":[{"href":"https:\/\/weisshorn-am.com\/fr\/wp-json\/wp\/v2\/media?parent=10302"}],"wp:term":[{"taxonomy":"category","embeddable":true,"href":"https:\/\/weisshorn-am.com\/fr\/wp-json\/wp\/v2\/categories?post=10302"},{"taxonomy":"post_tag","embeddable":true,"href":"https:\/\/weisshorn-am.com\/fr\/wp-json\/wp\/v2\/tags?post=10302"}],"curies":[{"name":"wp","href":"https:\/\/api.w.org\/{rel}","templated":true}]}}